{"id":256130,"date":"2026-04-19T09:36:59","date_gmt":"2026-04-19T16:36:59","guid":{"rendered":"https:\/\/universidadisep.com\/psicologia-comunicacion-asertiva-relaciones\/"},"modified":"2026-04-19T09:37:02","modified_gmt":"2026-04-19T16:37:02","slug":"psicologia-comunicacion-asertiva-relaciones","status":"publish","type":"post","link":"https:\/\/universidadisep.com\/mx\/psicologia-clinica-y-bienestar\/psicologia-comunicacion-asertiva-relaciones\/","title":{"rendered":"Psicolog\u00eda de la Comunicaci\u00f3n: C\u00f3mo la Comunicaci\u00f3n Asertiva Mejora Relaciones"},"content":{"rendered":"<div style=\"color: #00000; font-family: Arial, sans-serif; line-height: 1.6;\">\n<style>\n    p, .wp-block-paragraph, ul.wp-block-list, li {\n      color: #00000 !important;\n      font-size: 20px !important;\n    }\n    a, .toc a, .faq a {\n      color: #00c2ff !important;\n    }\n    h1, h2, h3, h4 {\n      border-bottom: 2px solid #00c2ff;\n      padding-bottom: 5px;\n    }\n  <\/style>\n<h1 id=\"psicologia-comunicacion\" style=\"border-bottom: 2px solid #00c2ff; padding-bottom: 5px;\">Psicolog\u00eda de la Comunicaci\u00f3n y Comunicaci\u00f3n Asertiva: Claves para la Mejora de Relaciones<\/h1>\n<p class=\"estimated-reading-time\" style=\"color: #00000; font-size: 20px !important;\">Tiempo de lectura estimado: 10 minutos<\/p>\n<h2 id=\"conclusiones-clave\" style=\"border-bottom: 2px solid #00c2ff; padding-bottom: 5px;\"><strong>Conclusiones clave<\/strong><\/h2>\n<ul class=\"wp-block-list\">\n<li>La comunicaci\u00f3n asertiva es esencial para mejorar tanto las relaciones personales como profesionales.<\/li>\n<li>El uso adecuado del lenguaje y la integraci\u00f3n de la inteligencia emocional potencian el bienestar emocional.<\/li>\n<li>Herramientas como la escucha activa y el establecimiento de l\u00edmites claros favorecen interacciones saludables.<\/li>\n<li>La Universidad ISEP destaca en la formaci\u00f3n de profesionales con competencias comunicativas y emocionales.<\/li>\n<\/ul>\n<div class=\"toc\">\n<h2 style=\"border-bottom: 2px solid #00c2ff; padding-bottom: 5px;\">\u00cdndice<\/h2>\n<ul>\n<li><a href=\"#importancia-comunicacion\" style=\"color: #00c2ff !important;\">La Importancia de la Comunicaci\u00f3n en la Psicolog\u00eda<\/a><\/li>\n<li><a href=\"#comunicacion-asertiva\" style=\"color: #00c2ff !important;\">Comunicaci\u00f3n Asertiva: Definici\u00f3n y Beneficios<\/a><\/li>\n<li><a href=\"#herramientas-tecnicas\" style=\"color: #00c2ff !important;\">Herramientas y T\u00e9cnicas para una Comunicaci\u00f3n Asertiva<\/a><\/li>\n<li><a href=\"#inteligencia-emocional\" style=\"color: #00c2ff !important;\">Integraci\u00f3n de la Inteligencia Emocional en la Comunicaci\u00f3n<\/a><\/li>\n<li><a href=\"#perspectivas-ise\" style=\"color: #00c2ff !important;\">Perspectivas desde ISEP: Aplicaci\u00f3n Pr\u00e1ctica y Casos de \u00c9xito<\/a><\/li>\n<li><a href=\"#conclusion\" style=\"color: #00c2ff !important;\">Conclusi\u00f3n<\/a><\/li>\n<li><a href=\"#recursos-adicionales\" style=\"color: #00c2ff !important;\">Recursos Adicionales<\/a><\/li>\n<li><a href=\"#preguntas-frecuentes\" style=\"color: #00c2ff !important;\">Preguntas frecuentes<\/a><\/li>\n<\/ul><\/div>\n<div id=\"importancia-comunicacion\">\n<h2 style=\"border-bottom: 2px solid #00c2ff; padding-bottom: 5px;\">La Importancia de la Comunicaci\u00f3n en la Psicolog\u00eda<\/h2>\n<p>La comunicaci\u00f3n es el pilar de todas nuestras interacciones y es fundamental para compartir pensamientos, emociones e ideas. La <a href=\"https:\/\/universidadisep.com\/mx\/areas\/psicologia-clinica\/\" style=\"color: #00c2ff !important;\">psicolog\u00eda cl\u00ednica<\/a> muestra c\u00f3mo el entendimiento del comportamiento y los procesos emocionales repercute directamente en nuestro bienestar.<\/p>\n<p>El an\u00e1lisis de la comunicaci\u00f3n desde una perspectiva psicol\u00f3gica permite mejorar los diagn\u00f3sticos y tratamientos, favoreciendo un ambiente de empat\u00eda y escucha activa tanto en el \u00e1mbito personal como profesional.<\/p>\n<\/p><\/div>\n<div id=\"comunicacion-asertiva\">\n<h2 style=\"border-bottom: 2px solid #00c2ff; padding-bottom: 5px;\">Comunicaci\u00f3n Asertiva: Definici\u00f3n y Beneficios<\/h2>\n<p>La comunicaci\u00f3n asertiva es la capacidad de expresar pensamientos, sentimientos y necesidades de manera clara, honesta y respetuosa. Este estilo se diferencia de la comunicaci\u00f3n pasiva y la agresiva, permitiendo el balance entre el defender nuestros derechos y respetar los del otro.<\/p>\n<h3 style=\"border-bottom: 2px solid #00c2ff; padding-bottom: 5px;\">Diferenciaci\u00f3n entre Estilos de Comunicaci\u00f3n<\/h3>\n<ul class=\"wp-block-list\">\n<li><strong>Comunicaci\u00f3n Pasiva:<\/strong> Dificultad para expresar necesidades, generando sentimientos de invisibilidad y resentimiento.<\/li>\n<li><strong>Comunicaci\u00f3n Agresiva:<\/strong> Imposici\u00f3n de opiniones sin considerar al otro, lo que puede generar conflictos y un ambiente de hostilidad.<\/li>\n<li><strong>Comunicaci\u00f3n Asertiva:<\/strong> Expresi\u00f3n equilibrada que permite afirmar ideas sin agredir, promoviendo v\u00ednculos basados en el respeto y la empat\u00eda.<\/li>\n<\/ul>\n<h3 style=\"border-bottom: 2px solid #00c2ff; padding-bottom: 5px;\">Beneficios de la Comunicaci\u00f3n Asertiva<\/h3>\n<ul class=\"wp-block-list\">\n<li>Mejora las relaciones interpersonales al establecer v\u00ednculos basados en el respeto mutuo.<\/li>\n<li>Reduce malentendidos al transmitir mensajes con claridad.<\/li>\n<li>Aumenta la efectividad en el \u00e1mbito profesional mediante una comunicaci\u00f3n directa y emp\u00e1tica.<\/li>\n<li>Empodera al individuo al fortalecer la autoestima y el autoconocimiento.<\/li>\n<\/ul>\n<p>En instituciones como la <a href=\"https:\/\/universidadisep.com\/mx\/\" style=\"color: #00c2ff !important;\">Universidad ISEP<\/a>, se promueve la educaci\u00f3n en comunicaci\u00f3n asertiva como herramienta para transformar conflictos y potenciar el desarrollo personal y profesional.<\/p>\n<\/p><\/div>\n<div id=\"herramientas-tecnicas\">\n<h2 style=\"border-bottom: 2px solid #00c2ff; padding-bottom: 5px;\">Herramientas y T\u00e9cnicas para una Comunicaci\u00f3n Asertiva<\/h2>\n<p>Adquirir habilidades para una comunicaci\u00f3n asertiva es un proceso que requiere pr\u00e1ctica y reflexi\u00f3n. A continuaci\u00f3n, se describen algunas estrategias clave:<\/p>\n<h3 style=\"border-bottom: 2px solid #00c2ff; padding-bottom: 5px;\">Estrategias Clave<\/h3>\n<ol>\n<li>\n        <strong>Uso del pronombre \u201cYo\u201d:<\/strong> En lugar de acusar, expresa c\u00f3mo te sientes utilizando frases como, <em>\u201cYo me siento\u2026\u201d<\/em>, evitando juicios que puedan generar defensividad.\n      <\/li>\n<li>\n        <strong>Escucha activa:<\/strong> Presta atenci\u00f3n plena sin interrumpir, parafraseando lo que se dice y asegurando que el mensaje se comprenda completamente.\n      <\/li>\n<li>\n        <strong>Establecimiento de l\u00edmites claros:<\/strong> Saber decir \u201cno\u201d de manera respetuosa protege tu bienestar y establece expectativas reales.\n      <\/li>\n<li>\n        <strong>Lenguaje corporal congruente:<\/strong> Mantener contacto visual, un tono de voz adecuado y una postura abierta refuerza la credibilidad del mensaje.\n      <\/li>\n<li>\n        <strong>T\u00e9cnica del disco rayado:<\/strong> Repetir tranquilamente el mensaje central sin desviarse permite reafirmar tu postura sin entrar en confrontaciones.\n      <\/li>\n<li>\n        <strong>Banco de niebla:<\/strong> Acepta las cr\u00edticas sin entrar en conflicto, reafirmando tu posici\u00f3n de forma serena.\n      <\/li>\n<\/ol>\n<p>Adem\u00e1s, programas como la <a href=\"https:\/\/universidadisep.com\/mx\/maestria\/maestria-en-terapia-del-lenguaje\/\" style=\"color: #00c2ff !important;\">Maestr\u00eda en Patolog\u00edas del Lenguaje y el Habla<\/a> integran t\u00e9cnicas especializadas que resaltan la importancia del discurso en la comunicaci\u00f3n asertiva.<\/p>\n<h3 style=\"border-bottom: 2px solid #00c2ff; padding-bottom: 5px;\">Ejemplo Pr\u00e1ctico de Aplicaci\u00f3n<\/h3>\n<p>Imagina una situaci\u00f3n en el entorno laboral donde un colega solicita repetidamente tareas adicionales. Mientras una respuesta pasiva o agresiva puede generar conflictos, una respuesta asertiva ser\u00eda:<\/p>\n<p><em>&#8220;Comprendo la urgencia, pero en este momento tengo compromisos ineludibles. \u00bfPodemos buscar juntos una soluci\u00f3n que funcione para ambos?&#8221;<\/em><\/p>\n<\/p><\/div>\n<div id=\"inteligencia-emocional\">\n<h2 style=\"border-bottom: 2px solid #00c2ff; padding-bottom: 5px;\">Integraci\u00f3n de la Inteligencia Emocional en la Comunicaci\u00f3n<\/h2>\n<p>La inteligencia emocional es clave para potenciar la comunicaci\u00f3n asertiva. Programas como el <a href=\"https:\/\/universidadisep.com\/mx\/maestria\/master-psicoterapia-trauma-apego\/\" style=\"color: #00c2ff !important;\">M\u00e1ster en Psicoterapia Centrada en Trauma y Apego<\/a> est\u00e1n dise\u00f1ados para desarrollar estas competencias.<\/p>\n<h3 style=\"border-bottom: 2px solid #00c2ff; padding-bottom: 5px;\">Componentes Clave<\/h3>\n<ul class=\"wp-block-list\">\n<li><strong>Autoconciencia:<\/strong> Reconocer y entender tus propias emociones para anticipar reacciones.<\/li>\n<li><strong>Autorregulaci\u00f3n:<\/strong> Controlar respuestas impulsivas y mantener la calma en conversaciones tensas.<\/li>\n<li><strong>Empat\u00eda:<\/strong> Ponerse en el lugar del otro para responder de manera sensible y adecuada.<\/li>\n<li><strong>Habilidades Sociales:<\/strong> Interactuar constructivamente y resolver conflictos mediante el di\u00e1logo.<\/li>\n<\/ul>\n<p>El desarrollo de estas habilidades no solo fortalece las relaciones interpersonales, sino que tambi\u00e9n mejora la efectividad profesional y personal.<\/p>\n<\/p><\/div>\n<div id=\"perspectivas-ise\">\n<h2 style=\"border-bottom: 2px solid #00c2ff; padding-bottom: 5px;\">Perspectivas desde ISEP: Aplicaci\u00f3n Pr\u00e1ctica y Casos de \u00c9xito<\/h2>\n<p>La Universidad ISEP se destaca por su enfoque innovador en la formaci\u00f3n de competencias comunicativas e inteligencia emocional, enfatizando la aplicaci\u00f3n pr\u00e1ctica de estos conocimientos.<\/p>\n<h3 style=\"border-bottom: 2px solid #00c2ff; padding-bottom: 5px;\">Aplicaci\u00f3n Pr\u00e1ctica en la Formaci\u00f3n Profesional<\/h3>\n<ul class=\"wp-block-list\">\n<li>Talleres interactivos y simulaciones de escenarios reales para practicar t\u00e9cnicas de comunicaci\u00f3n asertiva.<\/li>\n<li>Seminarios y sesiones de mentor\u00eda con profesionales experimentados que comparten estrategias efectivas.<\/li>\n<li>Proyectos colaborativos que permiten asumir roles de liderazgo y gestionar conflictos en equipos multidisciplinarios.<\/li>\n<\/ul>\n<h3 style=\"border-bottom: 2px solid #00c2ff; padding-bottom: 5px;\">Casos de \u00c9xito<\/h3>\n<ul class=\"wp-block-list\">\n<li>Un terapeuta formado en ISEP logr\u00f3 mediar un conflicto familiar complejo utilizando t\u00e9cnicas asertivas, transformando la tensi\u00f3n en di\u00e1logo.<\/li>\n<li>En una empresa de tecnolog\u00eda, un l\u00edder implement\u00f3 talleres de comunicaci\u00f3n asertiva, reduciendo el estr\u00e9s laboral y fomentando la colaboraci\u00f3n.<\/li>\n<li>Especialistas en recursos humanos han desarrollado programas de capacitaci\u00f3n basados en inteligencia emocional, generando ambientes laborales colaborativos y eficientes.<\/li>\n<\/ul>\n<p>Estos casos respaldan la visi\u00f3n de ISEP de transformar vidas a trav\u00e9s de la educaci\u00f3n en comunicaci\u00f3n y gesti\u00f3n emocional. Para m\u00e1s informaci\u00f3n, visita <a href=\"https:\/\/universidadisep.com\/mx\/\" style=\"color: #00c2ff !important;\">Universidad ISEP<\/a>.<\/p>\n<\/p><\/div>\n<div id=\"conclusion\">\n<h2 style=\"border-bottom: 2px solid #00c2ff; padding-bottom: 5px;\">Conclusi\u00f3n<\/h2>\n<p>La exploraci\u00f3n de la psicolog\u00eda de la comunicaci\u00f3n y el desarrollo de una comunicaci\u00f3n asertiva revelan el profundo impacto de nuestras interacciones en el bienestar personal y profesional. Con estrategias como el uso del pronombre \u201cyo\u201d, la escucha activa y la integraci\u00f3n de la inteligencia emocional, es posible transformar conflictos en oportunidades de crecimiento.<\/p>\n<p>Invertir en el desarrollo de estas habilidades no solo mejora la autoestima y fortalece relaciones, sino que tambi\u00e9n crea entornos de trabajo m\u00e1s saludables y productivos. La experiencia y los casos de \u00e9xito en la <a href=\"https:\/\/universidadisep.com\/mx\/\" style=\"color: #00c2ff !important;\">Universidad ISEP<\/a> evidencian el poder de una comunicaci\u00f3n bien gestionada.<\/p>\n<\/p><\/div>\n<div id=\"recursos-adicionales\">\n<h2 style=\"border-bottom: 2px solid #00c2ff; padding-bottom: 5px;\">Recursos Adicionales<\/h2>\n<p>Para quienes deseen profundizar en la comunicaci\u00f3n asertiva y la inteligencia emocional, se recomienda explorar los siguientes recursos:<\/p>\n<ul class=\"wp-block-list\">\n<li>Programas y talleres sobre comunicaci\u00f3n asertiva e inteligencia emocional disponibles en <a href=\"https:\/\/universidadisep.com\/mx\/\" style=\"color: #00c2ff !important;\">Universidad ISEP<\/a>.<\/li>\n<li>Obras de referencia como el Manual de Comunicaci\u00f3n Interpersonal de Knapp y Daly y la obra sobre Inteligencia Emocional de Goleman.<\/li>\n<li>Seminarios y conferencias con expertos que ofrecen casos pr\u00e1cticos y experiencias reales.<\/li>\n<\/ul><\/div>\n<div id=\"preguntas-frecuentes\">\n<h2 style=\"border-bottom: 2px solid #00c2ff; padding-bottom: 5px;\">Preguntas frecuentes<\/h2>\n<ul class=\"wp-block-list\">\n<li>\n        <strong>\u00bfQu\u00e9 es la comunicaci\u00f3n asertiva?<\/strong><\/p>\n<p class=\"faq\" style=\"color: #00000; font-size: 20px !important;\">Es la capacidad de expresar pensamientos y sentimientos de forma clara, honesta y respetuosa, sin agredir al otro ni minimizar las propias necesidades.<\/p>\n<\/li>\n<li>\n        <strong>\u00bfC\u00f3mo puede la inteligencia emocional mejorar la comunicaci\u00f3n?<\/strong><\/p>\n<p class=\"faq\" style=\"color: #00000; font-size: 20px !important;\">La inteligencia emocional permite reconocer y gestionar nuestras emociones, facilitando respuestas emp\u00e1ticas y adaptadas a cada situaci\u00f3n, lo que a su vez favorece una comunicaci\u00f3n equilibrada.<\/p>\n<\/li>\n<li>\n        <strong>\u00bfQu\u00e9 estrategias recomiendan para desarrollar una comunicaci\u00f3n asertiva?<\/strong><\/p>\n<p class=\"faq\" style=\"color: #00000; font-size: 20px !important;\">Se recomienda practicar el uso del pronombre \u201cyo\u201d, la escucha activa, el establecimiento de l\u00edmites y t\u00e9cnicas como la del disco rayado, entre otras.<\/p>\n<\/li>\n<li>\n        <strong>\u00bfQu\u00e9 papel juega la <a href=\"https:\/\/universidadisep.com\/mx\/\" style=\"color: #00c2ff !important;\">Universidad ISEP<\/a> en la formaci\u00f3n en comunicaci\u00f3n asertiva?<\/strong><\/p>\n<p class=\"faq\" style=\"color: #00000; font-size: 20px !important;\">ISEP integra en su curr\u00edculo actividades pr\u00e1cticas, talleres y mentor\u00edas que permiten a los estudiantes desarrollar competencias en comunicaci\u00f3n asertiva y gesti\u00f3n emocional aplicables en diversos \u00e1mbitos.<\/p>\n<\/li>\n<\/ul><\/div>\n<\/div>\n","protected":false},"excerpt":{"rendered":"<p>Psicolog\u00eda de la Comunicaci\u00f3n y Comunicaci\u00f3n Asertiva: Claves para la Mejora de Relaciones Tiempo de lectura estimado: 10 minutos Conclusiones&#8230;<\/p>\n","protected":false},"author":747,"featured_media":256131,"comment_status":"closed","ping_status":"closed","sticky":false,"template":"","format":"standard","meta":{"_lmt_disableupdate":"","_lmt_disable":"","footnotes":""},"categories":[3762],"tags":[],"class_list":["post-256130","post","type-post","status-publish","format-standard","has-post-thumbnail","hentry","category-psicologia-clinica-y-bienestar"],"modified_by":null,"_links":{"self":[{"href":"https:\/\/universidadisep.com\/mx\/wp-json\/wp\/v2\/posts\/256130","targetHints":{"allow":["GET"]}}],"collection":[{"href":"https:\/\/universidadisep.com\/mx\/wp-json\/wp\/v2\/posts"}],"about":[{"href":"https:\/\/universidadisep.com\/mx\/wp-json\/wp\/v2\/types\/post"}],"author":[{"embeddable":true,"href":"https:\/\/universidadisep.com\/mx\/wp-json\/wp\/v2\/users\/747"}],"replies":[{"embeddable":true,"href":"https:\/\/universidadisep.com\/mx\/wp-json\/wp\/v2\/comments?post=256130"}],"version-history":[{"count":1,"href":"https:\/\/universidadisep.com\/mx\/wp-json\/wp\/v2\/posts\/256130\/revisions"}],"predecessor-version":[{"id":256134,"href":"https:\/\/universidadisep.com\/mx\/wp-json\/wp\/v2\/posts\/256130\/revisions\/256134"}],"wp:featuredmedia":[{"embeddable":true,"href":"https:\/\/universidadisep.com\/mx\/wp-json\/wp\/v2\/media\/256131"}],"wp:attachment":[{"href":"https:\/\/universidadisep.com\/mx\/wp-json\/wp\/v2\/media?parent=256130"}],"wp:term":[{"taxonomy":"category","embeddable":true,"href":"https:\/\/universidadisep.com\/mx\/wp-json\/wp\/v2\/categories?post=256130"},{"taxonomy":"post_tag","embeddable":true,"href":"https:\/\/universidadisep.com\/mx\/wp-json\/wp\/v2\/tags?post=256130"}],"curies":[{"name":"wp","href":"https:\/\/api.w.org\/{rel}","templated":true}]}}