{"id":256366,"date":"2026-04-25T08:04:37","date_gmt":"2026-04-25T15:04:37","guid":{"rendered":"https:\/\/universidadisep.com\/psicologia-etica-practica-siglo-21\/"},"modified":"2026-04-25T08:04:39","modified_gmt":"2026-04-25T15:04:39","slug":"psicologia-etica-practica-siglo-21","status":"publish","type":"post","link":"https:\/\/universidadisep.com\/mx\/etica-profesional-y-valores\/psicologia-etica-practica-siglo-21\/","title":{"rendered":"Psicolog\u00eda y \u00c9tica: Estrategias para la Pr\u00e1ctica Profesional en el Siglo XXI"},"content":{"rendered":"<div style=\"color: #00000; font-family: Arial, sans-serif; line-height: 1.6;\">\n<style>\n    p, .wp-block-paragraph, ul.wp-block-list, li { color: #00000 !important; font-size: 20px !important; }\n    a { color: #00c2ff !important; }\n  <\/style>\n<h1 id=\"psicologia-etica\" class=\"wp-block-heading\" style=\"border-bottom: 2px solid #00c2ff; padding-bottom: 5px;\">Psicolog\u00eda y \u00c9tica: Estrategias para la Pr\u00e1ctica Profesional en el Siglo XXI<\/h1>\n<p class=\"estimated-reading-time\" style=\"color: #00000; font-size: 20px !important;\">Tiempo de lectura estimado: 10 minutos<\/p>\n<h2 id=\"conclusiones-clave\" class=\"wp-block-heading\" style=\"border-bottom: 2px solid #00c2ff; padding-bottom: 5px;\"><strong>Conclusiones clave<\/strong><\/h2>\n<ul class=\"wp-block-list\">\n<li>La \u00e9tica profesional es el eje central para una pr\u00e1ctica psicol\u00f3gica responsable.<\/li>\n<li>El entorno digital impone desaf\u00edos en t\u00e9rminos de privacidad y confidencialidad.<\/li>\n<li>La formaci\u00f3n continua y la supervisi\u00f3n fortalecen la integridad profesional.<\/li>\n<li>La integraci\u00f3n de la innovaci\u00f3n debe ir acompa\u00f1ada de una rigurosa reflexi\u00f3n \u00e9tica.<\/li>\n<li>Instituciones como <a href=\"https:\/\/universidadisep.com\/mx\/\" style=\"color: #00c2ff !important;\">Universidad ISEP<\/a> lideran en la promoci\u00f3n de valores \u00e9ticos.<\/li>\n<\/ul>\n<div class=\"wp-block-yoast-seo-table-of-contents yoast-table-of-contents\">\n<h2 style=\"border-bottom: 2px solid #00c2ff; padding-bottom: 5px;\">\u00cdndice<\/h2>\n<ul>\n<li><a href=\"#introduccion\" style=\"color: #00c2ff !important;\">Introducci\u00f3n<\/a><\/li>\n<li><a href=\"#contextualizacion\" style=\"color: #00c2ff !important;\">Contextualizaci\u00f3n Institucional<\/a><\/li>\n<li><a href=\"#fundamentos-eticos\" style=\"color: #00c2ff !important;\">Fundamentos \u00c9ticos y Deontol\u00f3gicos<\/a><\/li>\n<li><a href=\"#desafios-retos\" style=\"color: #00c2ff !important;\">Desaf\u00edos y Retos del Siglo XXI<\/a><\/li>\n<li><a href=\"#estrategias-practica\" style=\"color: #00c2ff !important;\">Estrategias para una Pr\u00e1ctica Profesional \u00c9tica<\/a><\/li>\n<li><a href=\"#innovacion-investigacion\" style=\"color: #00c2ff !important;\">Rol de la Innovaci\u00f3n y la Investigaci\u00f3n<\/a><\/li>\n<li><a href=\"#conclusion\" style=\"color: #00c2ff !important;\">Conclusi\u00f3n y Llamada a la Acci\u00f3n<\/a><\/li>\n<li><a href=\"#referencias\" style=\"color: #00c2ff !important;\">Referencias y Recursos Adicionales<\/a><\/li>\n<li><a href=\"#cierre\" style=\"color: #00c2ff !important;\">Cierre<\/a><\/li>\n<\/ul><\/div>\n<div id=\"introduccion\">\n<h2 class=\"wp-block-heading\" style=\"border-bottom: 2px solid #00c2ff; padding-bottom: 5px;\">Introducci\u00f3n<\/h2>\n<p>En el universo din\u00e1mico y en constante transformaci\u00f3n de la psicolog\u00eda contempor\u00e1nea, la intersecci\u00f3n entre la psicolog\u00eda y la \u00e9tica se ha convertido en un pilar fundamental para la pr\u00e1ctica profesional en el siglo XXI. Desde el primer momento, nuestra atenci\u00f3n se centra en comprender c\u00f3mo la <em>Psicolog\u00eda y \u00c9tica: Estrategias para la Pr\u00e1ctica Profesional en el Siglo XXI<\/em> no solo define una orientaci\u00f3n te\u00f3rica, sino que tambi\u00e9n gu\u00eda la conducta diaria de los profesionales.<\/p>\n<p>La evoluci\u00f3n de la pr\u00e1ctica psicol\u00f3gica impone nuevos desaf\u00edos que requieren estrategias \u00e9ticas robustas y actualizadas. En este art\u00edculo, abordamos la relevancia de la \u00e9tica profesional en el contexto moderno, identificando retos emergentes y proponiendo estrategias que fortalezcan la formaci\u00f3n y el ejercicio profesional. Adem\u00e1s, exploramos la visi\u00f3n institucional de la <a href=\"https:\/\/universidadisep.com\/mx\/\" style=\"color: #00c2ff !important;\">Universidad ISEP<\/a>, referente en el fomento de valores \u00e9ticos y responsabilidad social.<\/p>\n<\/p><\/div>\n<div id=\"contextualizacion\">\n<h2 class=\"wp-block-heading\" style=\"border-bottom: 2px solid #00c2ff; padding-bottom: 5px;\">Contextualizaci\u00f3n Institucional<\/h2>\n<p>La Universidad ISEP, con una trayectoria acad\u00e9mica reconocida y un profundo compromiso con la formaci\u00f3n \u00e9tica, se enfrenta al reto de preparar a profesionales capaces de abordar las complejidades del mundo actual. Su visi\u00f3n y misi\u00f3n se fundamentan en la integraci\u00f3n de la teor\u00eda con la pr\u00e1ctica, orientadas hacia una actuaci\u00f3n profesional que combina el conocimiento cient\u00edfico con un claro compromiso por la responsabilidad social.<\/p>\n<ul>\n<li><strong>Visi\u00f3n y Misi\u00f3n \u00c9tica:<\/strong> Formaci\u00f3n que integra \u00e9tica y responsabilidad social para un ejercicio profesional integral.<\/li>\n<li><strong>Valores Institucionales:<\/strong>\n<ul>\n<li>Calidad Acad\u00e9mica: Forjar profesionales rigurosos y responsables.<\/li>\n<li>Innovaci\u00f3n: Integraci\u00f3n de herramientas tecnol\u00f3gicas y metodolog\u00edas multidisciplinarias.<\/li>\n<li>Responsabilidad Social: Contribuir al bienestar colectivo y la transformaci\u00f3n social.<\/li>\n<\/ul>\n<\/li>\n<\/ul>\n<p>Para profundizar en esta filosof\u00eda, visita la p\u00e1gina oficial de la <a href=\"https:\/\/universidadisep.com\/mx\/\" style=\"color: #00c2ff !important;\">Universidad ISEP<\/a>.<\/p>\n<\/p><\/div>\n<div id=\"fundamentos-eticos\">\n<h2 class=\"wp-block-heading\" style=\"border-bottom: 2px solid #00c2ff; padding-bottom: 5px;\">Fundamentos \u00c9ticos y Deontol\u00f3gicos<\/h2>\n<p>El ejercicio responsable de la psicolog\u00eda se apoya en un marco \u00e9tico y deontol\u00f3gico que establece normas y principios fundamentales. Estos c\u00f3digos, conocidos como la <em>deontolog\u00eda en psicolog\u00eda<\/em>, son indispensables para que los profesionales act\u00faen con integridad y objetividad.<\/p>\n<ul>\n<li><strong>C\u00f3digos y Normas:<\/strong> Funcionan como una br\u00fajula que orienta la conducta en el entorno terap\u00e9utico.<\/li>\n<li><strong>Compromiso con la \u00c9tica Profesional:<\/strong> Implica actuar con honestidad, integridad y empat\u00eda, m\u00e1s all\u00e1 del mero cumplimiento normativo.<\/li>\n<\/ul>\n<p>Ejemplos de buenas pr\u00e1cticas incluyen la confidencialidad absoluta, la objetividad en la intervenci\u00f3n y la actualizaci\u00f3n continua de los conocimientos.<\/p>\n<\/p><\/div>\n<div id=\"desafios-retos\">\n<h2 class=\"wp-block-heading\" style=\"border-bottom: 2px solid #00c2ff; padding-bottom: 5px;\">Desaf\u00edos y Retos del Siglo XXI<\/h2>\n<p>La era digital y el entorno globalizado han generado nuevos retos que reformulan los par\u00e1metros \u00e9ticos tradicionales:<\/p>\n<ul>\n<li><strong>Dilemas \u00c9ticos en la Era Digital:<\/strong> Desde la privacidad en terapias online hasta el uso de inteligencia artificial en la toma de decisiones.<\/li>\n<li><strong>Retos en la Divulgaci\u00f3n Cient\u00edfica:<\/strong> El acceso f\u00e1cil a informaci\u00f3n puede banalizar problemas complejos y afectar la percepci\u00f3n de la pr\u00e1ctica profesional.<\/li>\n<\/ul>\n<p>La digitalizaci\u00f3n impacta \u00e1reas como la <a href=\"https:\/\/universidadisep.com\/mx\/areas\/psicologia-clinica\/\" style=\"color: #00c2ff !important;\">Psicolog\u00eda cl\u00ednica<\/a>, exigiendo estrategias \u00e9ticas actualizadas.<\/p>\n<\/p><\/div>\n<div id=\"estrategias-practica\">\n<h2 class=\"wp-block-heading\" style=\"border-bottom: 2px solid #00c2ff; padding-bottom: 5px;\">Estrategias para una Pr\u00e1ctica Profesional \u00c9tica<\/h2>\n<ol>\n<li><strong>Formaci\u00f3n Continua y Actualizaci\u00f3n Profesional:<\/strong> Participa en cursos, seminarios y programas de especializaci\u00f3n, como el <a href=\"https:\/\/universidadisep.com\/mx\/maestria\/master-psicoterapia-trauma-apego\/\" style=\"color: #00c2ff !important;\">M\u00e1ster en Psicoterapia Centrada en Trauma y Apego<\/a>.<\/li>\n<li><strong>Supervisi\u00f3n Cl\u00ednica y Grupos de Reflexi\u00f3n:<\/strong> Espacios de di\u00e1logo que permiten compartir experiencias y evaluar dilemas \u00e9ticos desde una perspectiva colaborativa.<\/li>\n<li><strong>Enfoque Multidisciplinario:<\/strong> Colabora con expertos de diversas \u00e1reas para obtener una visi\u00f3n integral y contextualizada del paciente.<\/li>\n<li><strong>Desarrollo de Gu\u00edas \u00c9ticas:<\/strong> Establece protocolos claros para el manejo digital de datos y la comunicaci\u00f3n en terapias.<\/li>\n<\/ol><\/div>\n<div id=\"innovacion-investigacion\">\n<h2 class=\"wp-block-heading\" style=\"border-bottom: 2px solid #00c2ff; padding-bottom: 5px;\">Rol de la Innovaci\u00f3n y la Investigaci\u00f3n<\/h2>\n<p>La innovaci\u00f3n se ha convertido en un componente esencial que permite expandir el alcance de la intervenci\u00f3n terap\u00e9utica, mientras que la investigaci\u00f3n aplicada en \u00e9tica profesional respalda cada avance tecnol\u00f3gico y metodol\u00f3gico.<\/p>\n<p>El an\u00e1lisis riguroso y la creaci\u00f3n de marcos de referencia \u00e9ticos garantizan que la digitalizaci\u00f3n y nuevas herramientas beneficien tanto al paciente como al profesional.<\/p>\n<\/p><\/div>\n<div id=\"conclusion\">\n<h2 class=\"wp-block-heading\" style=\"border-bottom: 2px solid #00c2ff; padding-bottom: 5px;\">Conclusi\u00f3n y Llamada a la Acci\u00f3n<\/h2>\n<p>La <em>Psicolog\u00eda y \u00c9tica: Estrategias para la Pr\u00e1ctica Profesional en el Siglo XXI<\/em> es un llamado a integrar la \u00e9tica en cada intervenci\u00f3n y a mantener un compromiso continuo con la formaci\u00f3n y la actualizaci\u00f3n. En un mundo digital y globalizado, la \u00e9tica se erige como el faro que gu\u00eda la pr\u00e1ctica profesional.<\/p>\n<p>Repasemos los puntos clave:<\/p>\n<ul>\n<li><strong>\u00c9tica Profesional:<\/strong> La base para garantizar intervenciones responsables y respetuosas.<\/li>\n<li><strong>Desaf\u00edos Digitales:<\/strong> Nuevas tecnolog\u00edas exigen estrategias que protejan la privacidad y la confidencialidad.<\/li>\n<li><strong>Formaci\u00f3n y Supervisi\u00f3n:<\/strong> La actualizaci\u00f3n continua y el di\u00e1logo profesional son esenciales.<\/li>\n<li><strong>Innovaci\u00f3n Responsable:<\/strong> Integrar avances tecnol\u00f3gicos con una profunda reflexi\u00f3n \u00e9tica.<\/li>\n<\/ul>\n<p>Si eres un profesional comprometido o aspiras a formarte en estas \u00e1reas, explora las alternativas de capacitaci\u00f3n y reflexiona sobre cada estrategia presentada. La transformaci\u00f3n del campo depende de un compromiso \u00e9tico inquebrantable.<\/p>\n<\/p><\/div>\n<div id=\"referencias\">\n<h2 class=\"wp-block-heading\" style=\"border-bottom: 2px solid #00c2ff; padding-bottom: 5px;\">Referencias y Recursos Adicionales<\/h2>\n<ul>\n<li>C\u00f3digos Deontol\u00f3gicos: Consulta los principios y normas que protegen tanto al profesional como al paciente.<\/li>\n<li>Supervisi\u00f3n y Grupos de Reflexi\u00f3n: Participa en foros y seminarios que fortalezcan tus estrategias \u00e9ticas.<\/li>\n<li>Innovaci\u00f3n e Investigaci\u00f3n: Mantente al d\u00eda sobre las tendencias en tecnolog\u00eda aplicada a la psicolog\u00eda.<\/li>\n<\/ul>\n<p>Para ampliar esta informaci\u00f3n, visita la <a href=\"https:\/\/universidadisep.com\/mx\/\" style=\"color: #00c2ff !important;\">Universidad ISEP<\/a>.<\/p>\n<\/p><\/div>\n<div id=\"cierre\">\n<h2 class=\"wp-block-heading\" style=\"border-bottom: 2px solid #00c2ff; padding-bottom: 5px;\">Cierre<\/h2>\n<p>La convergencia entre psicolog\u00eda y \u00e9tica es una necesidad imperativa en el mundo actual. Adoptar estrategias \u00e9ticas y mantenerse siempre en formaci\u00f3n es la clave para transformar la pr\u00e1ctica profesional y lograr un impacto positivo en la sociedad.<\/p>\n<p>Reflexiona, act\u00faa y s\u00e9 el cambio que deseas ver en el \u00e1mbito profesional de la psicolog\u00eda.<\/p>\n<\/p><\/div>\n<div id=\"preguntas-frecuentes\">\n<h2 class=\"wp-block-heading\" style=\"border-bottom: 2px solid #00c2ff; padding-bottom: 5px;\">Preguntas frecuentes<\/h2>\n<ul>\n<li><strong style=\"color: #00c2ff !important;\">\u00bfPor qu\u00e9 es crucial la \u00e9tica en la pr\u00e1ctica psicol\u00f3gica?<\/strong>\n<p>Porque garantiza la confidencialidad, el respeto y la integridad en cada intervenci\u00f3n profesional.<\/p>\n<\/li>\n<li><strong style=\"color: #00c2ff !important;\">\u00bfC\u00f3mo pueden los profesionales mantenerse actualizados en un entorno digital?<\/strong>\n<p>Mediante la formaci\u00f3n continua, la participaci\u00f3n en supervisiones y la adopci\u00f3n de estrategias \u00e9ticas actualizadas.<\/p>\n<\/li>\n<\/ul><\/div>\n<\/div>\n","protected":false},"excerpt":{"rendered":"<p>Psicolog\u00eda y \u00c9tica: Estrategias para la Pr\u00e1ctica Profesional en el Siglo XXI Tiempo de lectura estimado: 10 minutos Conclusiones clave&#8230;<\/p>\n","protected":false},"author":747,"featured_media":256367,"comment_status":"closed","ping_status":"closed","sticky":false,"template":"","format":"standard","meta":{"_lmt_disableupdate":"","_lmt_disable":"","footnotes":""},"categories":[4138],"tags":[],"class_list":["post-256366","post","type-post","status-publish","format-standard","has-post-thumbnail","hentry","category-etica-profesional-y-valores"],"modified_by":null,"_links":{"self":[{"href":"https:\/\/universidadisep.com\/mx\/wp-json\/wp\/v2\/posts\/256366","targetHints":{"allow":["GET"]}}],"collection":[{"href":"https:\/\/universidadisep.com\/mx\/wp-json\/wp\/v2\/posts"}],"about":[{"href":"https:\/\/universidadisep.com\/mx\/wp-json\/wp\/v2\/types\/post"}],"author":[{"embeddable":true,"href":"https:\/\/universidadisep.com\/mx\/wp-json\/wp\/v2\/users\/747"}],"replies":[{"embeddable":true,"href":"https:\/\/universidadisep.com\/mx\/wp-json\/wp\/v2\/comments?post=256366"}],"version-history":[{"count":1,"href":"https:\/\/universidadisep.com\/mx\/wp-json\/wp\/v2\/posts\/256366\/revisions"}],"predecessor-version":[{"id":256370,"href":"https:\/\/universidadisep.com\/mx\/wp-json\/wp\/v2\/posts\/256366\/revisions\/256370"}],"wp:featuredmedia":[{"embeddable":true,"href":"https:\/\/universidadisep.com\/mx\/wp-json\/wp\/v2\/media\/256367"}],"wp:attachment":[{"href":"https:\/\/universidadisep.com\/mx\/wp-json\/wp\/v2\/media?parent=256366"}],"wp:term":[{"taxonomy":"category","embeddable":true,"href":"https:\/\/universidadisep.com\/mx\/wp-json\/wp\/v2\/categories?post=256366"},{"taxonomy":"post_tag","embeddable":true,"href":"https:\/\/universidadisep.com\/mx\/wp-json\/wp\/v2\/tags?post=256366"}],"curies":[{"name":"wp","href":"https:\/\/api.w.org\/{rel}","templated":true}]}}